{"id":347,"date":"2019-06-05T15:48:16","date_gmt":"2019-06-05T13:48:16","guid":{"rendered":"https:\/\/www.machdudas.de\/blog\/?p=347"},"modified":"2019-06-24T16:04:11","modified_gmt":"2019-06-24T14:04:11","slug":"diese-auswirkungen-hat-die-e-privacy-verordnung-fuer-dein-business","status":"publish","type":"post","link":"https:\/\/www.machdudas.de\/blog\/allgemein\/diese-auswirkungen-hat-die-e-privacy-verordnung-fuer-dein-business\/","title":{"rendered":"Diese Auswirkungen hat die E-Privacy-Verordnung f\u00fcr Dein Business!"},"content":{"rendered":"\n<p>Die fortlaufende Digitalisierung bringt vor allem f\u00fcr Unternehmen enorme Vorteile mit sich. Globale Vernetzung, deutliche leichteres Generieren von Kunden und effektiveres Marketing. Doch wird an den neuen digitalen Fortschritten immer mehr die Privatsph\u00e4re des Einzelnen und von Unternehmen kritisiert. Wie sicher sind die eigenen Daten auf Portalen wie Facebook? In wie weit haben Unternehmen Zugriff auf die pers\u00f6nlichen Daten von Kunden? Um sich mit diesem Thema auseinandersetzen zu k\u00f6nnen, gibt es die sogenannte E-Privacy-Verordnung. Worum es sich bei dieser Verordnung handelt und wie sie Dein Business beeinflusst, erf\u00e4hrst Du in diesem Text!<\/p>\n\n\n<div class=\"su-divider su-divider-style-dashed\" style=\"margin:15px 0;border-width:3px;border-color:#999999\"><\/div>\n\n\n\n<h2 class=\"wp-block-heading\"><strong>Was ist eigentliche die E-Privacy-Verordnung?<\/strong><\/h2>\n\n\n\n<p>Hierbei handelt es sich um ein sogenanntes Gesetzwerk der europ\u00e4ischen Union. Diese besch\u00e4ftigt sich mit dem <strong>Schutz der elektronischen Kommunikation<\/strong> und soll deren Schutz gew\u00e4hrleisten! Im Jahr 2017 wurde die Verordnung erstmals beschlossen und gilt f\u00fcr alle EU-Mitgliedstatten unmittelbar.  <\/p>\n\n\n\n<div class=\"wp-block-image\"><figure class=\"aligncenter\"><a href=\"https:\/\/pixabay.com\/de\/illustrations\/paragraf-paragraph-recht-gericht-684509\/\"><img loading=\"lazy\" decoding=\"async\" width=\"300\" height=\"300\" src=\"https:\/\/www.machdudas.de\/blog\/wp-content\/uploads\/2019\/06\/clause-684509_960_720-300x300.jpg\" alt=\"E-Privacy-Verordnung\" class=\"wp-image-350\" srcset=\"https:\/\/www.machdudas.de\/blog\/wp-content\/uploads\/2019\/06\/clause-684509_960_720-300x300.jpg 300w, https:\/\/www.machdudas.de\/blog\/wp-content\/uploads\/2019\/06\/clause-684509_960_720-150x150.jpg 150w, https:\/\/www.machdudas.de\/blog\/wp-content\/uploads\/2019\/06\/clause-684509_960_720.jpg 720w\" sizes=\"(max-width: 300px) 100vw, 300px\" \/><\/a><\/figure><\/div>\n\n\n\n<p>Bereits 2002 gab es erste Entw\u00fcrfe \u00fcber E-Privacy-Richtlinien. Diese sollten vor allem den Umgang und die Verwendung von Daten von Netzanbietern regeln. Kurz gesagt:<em> Die Verordnung sichert die vertrauliche Handhabung von Daten wie E-Mails, Nachrichten oder Telefonaten. <\/em><\/p>\n\n\n\n<p>Jeder kennt sie, und sehr viele sind von Ihnen genervt: <strong>Cookies<\/strong>. Im Jahr 2009 folgten demnach die Cookie-Richtlinien. Diese haben zus\u00e4tzlich Netzbetreibern und Webseiten-Anbietern vorgeschrieben, dass die <strong>Datenerhebung von Usern nur mit deren Einwilligung gefolgt werden darf<\/strong>. Aus diesem Grund erscheinen Felder, auf denen Nutzer dann anklicken m\u00fcssen, ob Cookies erlaubt oder verweigert werden. Es ist also die explizite Zustimmung der Kunden von N\u00f6ten.  <\/p>\n\n\n\n<p><br><div class=\"su-box su-box-style-default\" id=\"\" style=\"border-color:#003f5f;border-radius:3px\"><div class=\"su-box-title\" style=\"background-color:#0b7292;color:#ffffff;border-top-left-radius:1px;border-top-right-radius:1px\">Cookie-Richtlinien<\/div><div class=\"su-box-content su-u-clearfix su-u-trim\" style=\"border-bottom-left-radius:1px;border-bottom-right-radius:1px\">In Deutschland gibt es <strong>kein nationales Recht<\/strong> f\u00fcr die Cookie-Richtlinien. Dementsprechend ist Deutschland in diesem Bereich noch auf dem Stand der E-Privacy-Richtlinien von 2002. Wenn Du also auf einer britischen Website unterwegs bist, wird Dir auffallen, dass dort der<strong> \u201eCookie-Hinweis\u201c Standard <\/strong>ist. <\/div><\/div>\n\n\n<div class=\"su-divider su-divider-style-dashed\" style=\"margin:15px 0;border-width:3px;border-color:#999999\"><\/div>\n\n\n\n<h2 class=\"wp-block-heading\"><strong>Was wird mit der E-Privacy-Verordnung geregelt?<\/strong><\/h2>\n\n\n\n<p>Bei der E-Privacy Verordnung geht es grob gesagt um die <strong>Kommunikation mit den Mitmenschen<\/strong> bzw. Kunden. Seit der Aktualisierung im Jahr 2009 geh\u00f6ren nun konkret auch viele weitere Dienste dazu. Von Online-Spielen, \u00fcber Online-Shopping Portalen, bis hin zum einfachen Surfen im Internet. <strong>Dazu geh\u00f6ren alle m\u00f6glichen Portale &amp; Plattformen<\/strong>, die Du so im Alltag und auch auf der Arbeit verwendest. Das betrifft neben Social Media auch andere, redaktionelle Seiten. Hier ein paar Beispiele: <\/p>\n\n\n<div class=\"su-divider su-divider-style-dashed\" style=\"margin:15px 0;border-width:3px;border-color:#999999\"><\/div>\n\n\n\n<h2 class=\"wp-block-heading\"><strong>Ab wann gilt nun die neue Verordnung?<\/strong><\/h2>\n\n\n\n<p>Diese Frage ist nur schwer zu beantworten, da die neueste E-Privacy-Verordnung noch nicht verabschiedet wurde. Im Sommer 2019 sollte es dann zu einer Entscheidung bzw. Festlegung der Verordnung kommen!<\/p>\n\n\n\n<h3 class=\"wp-block-heading\">Ablauf bis hin zur Verabschiedung<\/h3>\n\n\n\n<p>Seit Oktober 2017 liegt dem EE-Parlament ein Gesetzestext mit der neuesten E-Privacy-Verordnung vor. <strong>Dazu musste nun jeder einzelne Mitgliedsstaat der EU seine eigene Stellungnahme verfassen und vortragen.<\/strong> Auch die Bundesregierung musste sich damit befassen. Erst diesen Sommer wird die komplette Stellungnahme des Bundesrats vorliegen.<\/p>\n\n\n\n<ul class=\"wp-block-gallery aligncenter columns-1 is-cropped wp-block-gallery-1 is-layout-flex wp-block-gallery-is-layout-flex\" data-amp-lightbox=\"true\"><li class=\"blocks-gallery-item\"><figure><img loading=\"lazy\" decoding=\"async\" width=\"1024\" height=\"768\" src=\"https:\/\/www.machdudas.de\/blog\/wp-content\/uploads\/2019\/06\/hammer-719066_1280-1-1024x768.jpg\" alt=\"\" data-id=\"352\" data-link=\"https:\/\/www.machdudas.de\/blog\/?attachment_id=352\" class=\"wp-image-352\" srcset=\"https:\/\/www.machdudas.de\/blog\/wp-content\/uploads\/2019\/06\/hammer-719066_1280-1-1024x768.jpg 1024w, https:\/\/www.machdudas.de\/blog\/wp-content\/uploads\/2019\/06\/hammer-719066_1280-1-300x225.jpg 300w, https:\/\/www.machdudas.de\/blog\/wp-content\/uploads\/2019\/06\/hammer-719066_1280-1-768x576.jpg 768w, https:\/\/www.machdudas.de\/blog\/wp-content\/uploads\/2019\/06\/hammer-719066_1280-1-150x113.jpg 150w, https:\/\/www.machdudas.de\/blog\/wp-content\/uploads\/2019\/06\/hammer-719066_1280-1.jpg 1280w\" sizes=\"(max-width: 1024px) 100vw, 1024px\" \/><\/figure><\/li><\/ul>\n\n\n\n<p>Erst, wenn alle Mitgliedstatten ihre Stellungnahme verfasst und mitgeteilt haben, kann die EU-Kommission <strong>Anmerkungen zur neuen E-Privacy-Verordnung machen<\/strong>. Und erst dann geht es mit dieser neuen Gesetzgebung hinsichtlich digitaler Kommunikation in die letzte und abschlie\u00dfende Runde. <em>Wenn es keine gro\u00dfen Unterschiede bzw. Diskrepanzen gibt, kann die Verordnung relativ schnell verabschiedet werden. <\/em> <\/p>\n\n\n\n<p>Es kann nat\u00fcrlich immer passieren, dass es viele <strong>Streitpunkte<\/strong> gibt, die erst gekl\u00e4rt und besprochen werden m\u00fcssen. Dann gibt es Verhandlungen zwischen Rat, Kommission und dem Parlament.  <\/p>\n\n\n\n<p>Wenn die Verordnung dann am Ende verabschiedet worden ist, existiert zun\u00e4chst eine <strong>simple \u00dcbergangsphase<\/strong>. Wie lange diese Dauert ist von den Verhandlungen abh\u00e4ngig. <em>Ziel des Inkrafttretens war der 25.Mai. 2018. <\/em> <\/p>\n\n\n<div class=\"su-divider su-divider-style-dashed\" style=\"margin:15px 0;border-width:3px;border-color:#999999\"><\/div>\n\n\n\n<h2 class=\"wp-block-heading\"><strong>Was ver\u00e4ndert sich?<\/strong><\/h2>\n\n\n\n<p>2017 galt in Deutschland noch lange die sogenannte \u201eOpt-out-L\u00f6sung\u201c f\u00fcr die digitale Kommunikation. Es reichte also eine Pseudonymisierung von Daten vollkommen aus. Damit dies funktioniert, werden die User zu Zielgruppen vereint. Ziel ist es, dass so ein Verhalten des einzelnen Nutzers nicht mehr zu erkennen ist. Im Bereich der Werbung hat dies auch super funktioniert. Damit Profildaten dennoch erhoben werden k\u00f6nnen, ben\u00f6tigen Anbieter nun die Zustimmung des Users. <strong>Es gibt also keine Unterscheidung zwischen personenbezogenem und pseudonymem Tracking mehr.<\/strong> <\/p>\n\n\n\n<h3 class=\"wp-block-heading\">Cookies<\/h3>\n\n\n\n<p>Nun sind nur noch Cookies erlaubt, die f\u00fcr Deine Arbeit bzw. f\u00fcr den Dienst dringend von N\u00f6ten sind. Das gilt zum Beispiel f\u00fcr die Warenkorb-Funktion beim abschlie\u00dfen eines Kaufes. Au\u00dferdem hast Du noch zus\u00e4tzlich die M\u00f6glichkeit, <strong>Daten im Bereich der Wissenschaft zu erheben. <\/strong><\/p>\n\n\n\n<h3 class=\"wp-block-heading\">Reichweitenmessung<\/h3>\n\n\n\n<p>Durch die neue Verordnung ist die <strong>Reichweitenmessung deutlich eingeschr\u00e4nkt<\/strong>. Damit nicht alle Anbieter auf die Barrikaden gehen, wurde ein Kompromiss vorgeschlagen. <em>Es darf eine rein statistische Auswertung von Reichweiten geben<\/em>. Aber auch nur dann, wenn die Daten anschlie\u00dfend wieder gel\u00f6scht und nicht gespeichert werden, und die Auswertung zu keinem konkreten Profil f\u00fchrt. Durch die neue Regelung w\u00e4re die <strong>AGFO-Messung nicht mehr zul\u00e4ssig<\/strong>, die Basisdaten f\u00fcr das Internet in Deutschland liefern.  <\/p>\n\n\n\n<ul class=\"wp-block-gallery aligncenter columns-1 is-cropped wp-block-gallery-2 is-layout-flex wp-block-gallery-is-layout-flex\"><li class=\"blocks-gallery-item\"><figure><img loading=\"lazy\" decoding=\"async\" width=\"1024\" height=\"778\" src=\"https:\/\/www.machdudas.de\/blog\/wp-content\/uploads\/2019\/06\/gdpr-3178218_1280-1024x778.jpg\" alt=\"\" data-id=\"354\" data-link=\"https:\/\/www.machdudas.de\/blog\/?attachment_id=354\" class=\"wp-image-354\" srcset=\"https:\/\/www.machdudas.de\/blog\/wp-content\/uploads\/2019\/06\/gdpr-3178218_1280-1024x778.jpg 1024w, https:\/\/www.machdudas.de\/blog\/wp-content\/uploads\/2019\/06\/gdpr-3178218_1280-300x228.jpg 300w, https:\/\/www.machdudas.de\/blog\/wp-content\/uploads\/2019\/06\/gdpr-3178218_1280-768x583.jpg 768w, https:\/\/www.machdudas.de\/blog\/wp-content\/uploads\/2019\/06\/gdpr-3178218_1280-150x114.jpg 150w, https:\/\/www.machdudas.de\/blog\/wp-content\/uploads\/2019\/06\/gdpr-3178218_1280.jpg 1280w\" sizes=\"(max-width: 1024px) 100vw, 1024px\" \/><\/figure><\/li><\/ul>\n\n\n\n<h3 class=\"wp-block-heading\">Zustimmung<\/h3>\n\n\n\n<p>Damit die eine Datenerhebung durchf\u00fchren darfst, <strong>muss die Zustimmung des Nutzers erfolgen<\/strong>. Diese sollte auch anschlie\u00dfend noch nachweisbar und nicht an Deinen Dienst gekoppelt sein. Und auch wenn User ihre Zustimmung f\u00fcr ein Werbetracking nicht geben, darfst Du sie nicht aussperren. <strong>Jeder einzelnen Datennutzung musst laut der DSGVO zugestimmt werden. <\/strong> <\/p>\n\n\n\n<h3 class=\"wp-block-heading\"><strong>Zugangssoftware<\/strong><\/h3>\n\n\n\n<p>Alle Browser und Apps Betriebssysteme m\u00fcssen eine spezielle Option enthalten, um alle Cookies von Dritten ausschlie\u00dfen zu k\u00f6nnen. Auch hier muss der Nutzer seine Zustimmung geben. Wenn er diese \u00e4ndern m\u00f6chte, muss er dass in den Systemeinstellungen machen. Damit das funktioniert, muss jeder Browser diese Zustimmungsm\u00f6glichkeit zu Verf\u00fcgung stellen. Der Nachteil: <strong>Diese Funktion ist alles andere als Nutzerfreundlich!<\/strong> <\/p>\n\n\n\n<h3 class=\"wp-block-heading\">Drittfirmen<\/h3>\n\n\n\n<p> Eine Datenerhebung durch Dritte ist durch die neue Verordnung weitestgehend ausgeschlossen. Bzw. ist sie nur dann m\u00f6glich, wenn der Nutzer seine ausdr\u00fcckliche Zustimmung dazu gibt. Eine ganze Zeit lang, wurden beim Aufrufen einer Seite ganz automatisch Werbefl\u00e4chen angeboten. Dann werden von verschiedenen Dienstleistern und Anbietern Cookies gesetzt, um m\u00f6glicherweise neue Kunden zu generieren. <strong>Laut der neuen E-Privacy-Verordnung ist dies nun nicht mehr m\u00f6glich!  <\/strong><\/p>\n\n\n<div class=\"su-divider su-divider-style-dashed\" style=\"margin:15px 0;border-width:3px;border-color:#999999\"><\/div>\n\n\n\n<p><br><div class=\"su-box su-box-style-default\" id=\"\" style=\"border-color:#003f5f;border-radius:3px\"><div class=\"su-box-title\" style=\"background-color:#0b7292;color:#ffffff;border-top-left-radius:1px;border-top-right-radius:1px\">Fazit<\/div><div class=\"su-box-content su-u-clearfix su-u-trim\" style=\"border-bottom-left-radius:1px;border-bottom-right-radius:1px\">Die neue E-Privacy-Verordnung dient dazu, <strong>die Datenerhebung und Speicherung von Kunden und Usern zu sch\u00fctzen<\/strong>. Dies hat den Zweck, unn\u00f6tige Werbung und eventuell Newsletter zu vermeiden. So soll die Nutzerfreundlichkeit verbessert und die Daten effektiver gesch\u00fctzt werden. Dienstleister sollten sich unbedingt daranhalten, denn dadurch wird auch das eigene Auftreten gegen\u00fcber Kunden verbessert. Du zeigst ihnen, dass Du <em>respektvoll mit den Kundendaten umgehst<\/em>! <\/div><\/div>\n","protected":false},"excerpt":{"rendered":"<p>Die fortlaufende Digitalisierung bringt vor allem f\u00fcr Unternehmen enorme Vorteile mit sich. Globale Vernetzung, deutliche leichteres Generieren von Kunden und effektiveres Marketing. Doch wird an den neuen digitalen Fortschritten immer mehr die Privatsph\u00e4re des Einzelnen und von Unternehmen kritisiert. Wie sicher sind die eigenen Daten auf Portalen wie Facebook? In&#8230;<\/p>\n<p> <a class=\"continue-reading-link\" href=\"https:\/\/www.machdudas.de\/blog\/allgemein\/diese-auswirkungen-hat-die-e-privacy-verordnung-fuer-dein-business\/\"><span>Weiterlesen<\/span><i class=\"crycon-right-dir\"><\/i><\/a> <\/p>\n","protected":false},"author":1,"featured_media":350,"comment_status":"closed","ping_status":"open","sticky":false,"template":"","format":"standard","meta":{"footnotes":""},"categories":[1],"tags":[],"class_list":["post-347","post","type-post","status-publish","format-standard","has-post-thumbnail","hentry","category-allgemein"],"yoast_head":"<!-- This site is optimized with the Yoast SEO plugin v23.8 - https:\/\/yoast.com\/wordpress\/plugins\/seo\/ -->\n<title>\u25b7 E-Privacy-Verordnung \u2022 Angebot \/\/ Erfahrung \/\/ Ratgeber<\/title>\n<meta name=\"description\" content=\"llll\u27a4 E-Privacy-Verordnung \u2705 Erfahre, was sich durch die E-Privacy-Verordnung f\u00fcr Dich \u00e4ndert \u2605 professioneller Ratgeber \u2705 Jetzt kostenlos\u2026\" \/>\n<meta name=\"robots\" content=\"index, follow, max-snippet:-1, max-image-preview:large, max-video-preview:-1\" \/>\n<link rel=\"canonical\" href=\"https:\/\/www.machdudas.de\/blog\/allgemein\/diese-auswirkungen-hat-die-e-privacy-verordnung-fuer-dein-business\/\" \/>\n<meta property=\"og:locale\" content=\"de_DE\" \/>\n<meta property=\"og:type\" content=\"article\" \/>\n<meta property=\"og:title\" content=\"\u25b7 E-Privacy-Verordnung \u2022 Angebot \/\/ Erfahrung \/\/ Ratgeber\" \/>\n<meta property=\"og:description\" content=\"llll\u27a4 E-Privacy-Verordnung \u2705 Erfahre, was sich durch die E-Privacy-Verordnung f\u00fcr Dich \u00e4ndert \u2605 professioneller Ratgeber \u2705 Jetzt kostenlos\u2026\" \/>\n<meta property=\"og:url\" content=\"https:\/\/www.machdudas.de\/blog\/allgemein\/diese-auswirkungen-hat-die-e-privacy-verordnung-fuer-dein-business\/\" \/>\n<meta property=\"og:site_name\" content=\"machdudas Blog\" \/>\n<meta property=\"article:published_time\" content=\"2019-06-05T13:48:16+00:00\" \/>\n<meta property=\"article:modified_time\" content=\"2019-06-24T14:04:11+00:00\" \/>\n<meta property=\"og:image\" content=\"https:\/\/www.machdudas.de\/blog\/wp-content\/uploads\/2019\/06\/clause-684509_960_720.jpg\" \/>\n\t<meta property=\"og:image:width\" content=\"720\" \/>\n\t<meta property=\"og:image:height\" content=\"720\" \/>\n\t<meta property=\"og:image:type\" content=\"image\/jpeg\" \/>\n<meta name=\"author\" content=\"adminU\" \/>\n<meta name=\"twitter:card\" content=\"summary_large_image\" \/>\n<meta name=\"twitter:label1\" content=\"Verfasst von\" \/>\n\t<meta name=\"twitter:data1\" content=\"adminU\" \/>\n\t<meta name=\"twitter:label2\" content=\"Gesch\u00e4tzte Lesezeit\" \/>\n\t<meta name=\"twitter:data2\" content=\"5\u00a0Minuten\" \/>\n<script type=\"application\/ld+json\" class=\"yoast-schema-graph\">{\"@context\":\"https:\/\/schema.org\",\"@graph\":[{\"@type\":\"WebPage\",\"@id\":\"https:\/\/www.machdudas.de\/blog\/allgemein\/diese-auswirkungen-hat-die-e-privacy-verordnung-fuer-dein-business\/\",\"url\":\"https:\/\/www.machdudas.de\/blog\/allgemein\/diese-auswirkungen-hat-die-e-privacy-verordnung-fuer-dein-business\/\",\"name\":\"\u25b7 E-Privacy-Verordnung \u2022 Angebot \/\/ Erfahrung \/\/ Ratgeber\",\"isPartOf\":{\"@id\":\"https:\/\/www.machdudas.de\/blog\/#website\"},\"primaryImageOfPage\":{\"@id\":\"https:\/\/www.machdudas.de\/blog\/allgemein\/diese-auswirkungen-hat-die-e-privacy-verordnung-fuer-dein-business\/#primaryimage\"},\"image\":{\"@id\":\"https:\/\/www.machdudas.de\/blog\/allgemein\/diese-auswirkungen-hat-die-e-privacy-verordnung-fuer-dein-business\/#primaryimage\"},\"thumbnailUrl\":\"https:\/\/www.machdudas.de\/blog\/wp-content\/uploads\/2019\/06\/clause-684509_960_720.jpg\",\"datePublished\":\"2019-06-05T13:48:16+00:00\",\"dateModified\":\"2019-06-24T14:04:11+00:00\",\"author\":{\"@id\":\"https:\/\/www.machdudas.de\/blog\/#\/schema\/person\/dbf61f535e84856ddc9efb355686e507\"},\"description\":\"llll\u27a4 E-Privacy-Verordnung \u2705 Erfahre, was sich durch die E-Privacy-Verordnung f\u00fcr Dich \u00e4ndert \u2605 professioneller Ratgeber \u2705 Jetzt kostenlos\u2026\",\"breadcrumb\":{\"@id\":\"https:\/\/www.machdudas.de\/blog\/allgemein\/diese-auswirkungen-hat-die-e-privacy-verordnung-fuer-dein-business\/#breadcrumb\"},\"inLanguage\":\"de\",\"potentialAction\":[{\"@type\":\"ReadAction\",\"target\":[\"https:\/\/www.machdudas.de\/blog\/allgemein\/diese-auswirkungen-hat-die-e-privacy-verordnung-fuer-dein-business\/\"]}]},{\"@type\":\"ImageObject\",\"inLanguage\":\"de\",\"@id\":\"https:\/\/www.machdudas.de\/blog\/allgemein\/diese-auswirkungen-hat-die-e-privacy-verordnung-fuer-dein-business\/#primaryimage\",\"url\":\"https:\/\/www.machdudas.de\/blog\/wp-content\/uploads\/2019\/06\/clause-684509_960_720.jpg\",\"contentUrl\":\"https:\/\/www.machdudas.de\/blog\/wp-content\/uploads\/2019\/06\/clause-684509_960_720.jpg\",\"width\":720,\"height\":720,\"caption\":\"E-Privacy-Verordnung\"},{\"@type\":\"BreadcrumbList\",\"@id\":\"https:\/\/www.machdudas.de\/blog\/allgemein\/diese-auswirkungen-hat-die-e-privacy-verordnung-fuer-dein-business\/#breadcrumb\",\"itemListElement\":[{\"@type\":\"ListItem\",\"position\":1,\"name\":\"Startseite\",\"item\":\"https:\/\/www.machdudas.de\/blog\/\"},{\"@type\":\"ListItem\",\"position\":2,\"name\":\"Diese Auswirkungen hat die E-Privacy-Verordnung f\u00fcr Dein Business!\"}]},{\"@type\":\"WebSite\",\"@id\":\"https:\/\/www.machdudas.de\/blog\/#website\",\"url\":\"https:\/\/www.machdudas.de\/blog\/\",\"name\":\"machdudas Blog\",\"description\":\"Wissenswertes zu Nebenjobs, Minijobs &amp; Heimarbeit\",\"potentialAction\":[{\"@type\":\"SearchAction\",\"target\":{\"@type\":\"EntryPoint\",\"urlTemplate\":\"https:\/\/www.machdudas.de\/blog\/?s={search_term_string}\"},\"query-input\":{\"@type\":\"PropertyValueSpecification\",\"valueRequired\":true,\"valueName\":\"search_term_string\"}}],\"inLanguage\":\"de\"},{\"@type\":\"Person\",\"@id\":\"https:\/\/www.machdudas.de\/blog\/#\/schema\/person\/dbf61f535e84856ddc9efb355686e507\",\"name\":\"adminU\",\"url\":\"https:\/\/www.machdudas.de\/blog\/author\/adminu\/\"}]}<\/script>\n<!-- \/ Yoast SEO plugin. -->","yoast_head_json":{"title":"\u25b7 E-Privacy-Verordnung \u2022 Angebot \/\/ Erfahrung \/\/ Ratgeber","description":"llll\u27a4 E-Privacy-Verordnung \u2705 Erfahre, was sich durch die E-Privacy-Verordnung f\u00fcr Dich \u00e4ndert \u2605 professioneller Ratgeber \u2705 Jetzt kostenlos\u2026","robots":{"index":"index","follow":"follow","max-snippet":"max-snippet:-1","max-image-preview":"max-image-preview:large","max-video-preview":"max-video-preview:-1"},"canonical":"https:\/\/www.machdudas.de\/blog\/allgemein\/diese-auswirkungen-hat-die-e-privacy-verordnung-fuer-dein-business\/","og_locale":"de_DE","og_type":"article","og_title":"\u25b7 E-Privacy-Verordnung \u2022 Angebot \/\/ Erfahrung \/\/ Ratgeber","og_description":"llll\u27a4 E-Privacy-Verordnung \u2705 Erfahre, was sich durch die E-Privacy-Verordnung f\u00fcr Dich \u00e4ndert \u2605 professioneller Ratgeber \u2705 Jetzt kostenlos\u2026","og_url":"https:\/\/www.machdudas.de\/blog\/allgemein\/diese-auswirkungen-hat-die-e-privacy-verordnung-fuer-dein-business\/","og_site_name":"machdudas Blog","article_published_time":"2019-06-05T13:48:16+00:00","article_modified_time":"2019-06-24T14:04:11+00:00","og_image":[{"width":720,"height":720,"url":"https:\/\/www.machdudas.de\/blog\/wp-content\/uploads\/2019\/06\/clause-684509_960_720.jpg","type":"image\/jpeg"}],"author":"adminU","twitter_card":"summary_large_image","twitter_misc":{"Verfasst von":"adminU","Gesch\u00e4tzte Lesezeit":"5\u00a0Minuten"},"schema":{"@context":"https:\/\/schema.org","@graph":[{"@type":"WebPage","@id":"https:\/\/www.machdudas.de\/blog\/allgemein\/diese-auswirkungen-hat-die-e-privacy-verordnung-fuer-dein-business\/","url":"https:\/\/www.machdudas.de\/blog\/allgemein\/diese-auswirkungen-hat-die-e-privacy-verordnung-fuer-dein-business\/","name":"\u25b7 E-Privacy-Verordnung \u2022 Angebot \/\/ Erfahrung \/\/ Ratgeber","isPartOf":{"@id":"https:\/\/www.machdudas.de\/blog\/#website"},"primaryImageOfPage":{"@id":"https:\/\/www.machdudas.de\/blog\/allgemein\/diese-auswirkungen-hat-die-e-privacy-verordnung-fuer-dein-business\/#primaryimage"},"image":{"@id":"https:\/\/www.machdudas.de\/blog\/allgemein\/diese-auswirkungen-hat-die-e-privacy-verordnung-fuer-dein-business\/#primaryimage"},"thumbnailUrl":"https:\/\/www.machdudas.de\/blog\/wp-content\/uploads\/2019\/06\/clause-684509_960_720.jpg","datePublished":"2019-06-05T13:48:16+00:00","dateModified":"2019-06-24T14:04:11+00:00","author":{"@id":"https:\/\/www.machdudas.de\/blog\/#\/schema\/person\/dbf61f535e84856ddc9efb355686e507"},"description":"llll\u27a4 E-Privacy-Verordnung \u2705 Erfahre, was sich durch die E-Privacy-Verordnung f\u00fcr Dich \u00e4ndert \u2605 professioneller Ratgeber \u2705 Jetzt kostenlos\u2026","breadcrumb":{"@id":"https:\/\/www.machdudas.de\/blog\/allgemein\/diese-auswirkungen-hat-die-e-privacy-verordnung-fuer-dein-business\/#breadcrumb"},"inLanguage":"de","potentialAction":[{"@type":"ReadAction","target":["https:\/\/www.machdudas.de\/blog\/allgemein\/diese-auswirkungen-hat-die-e-privacy-verordnung-fuer-dein-business\/"]}]},{"@type":"ImageObject","inLanguage":"de","@id":"https:\/\/www.machdudas.de\/blog\/allgemein\/diese-auswirkungen-hat-die-e-privacy-verordnung-fuer-dein-business\/#primaryimage","url":"https:\/\/www.machdudas.de\/blog\/wp-content\/uploads\/2019\/06\/clause-684509_960_720.jpg","contentUrl":"https:\/\/www.machdudas.de\/blog\/wp-content\/uploads\/2019\/06\/clause-684509_960_720.jpg","width":720,"height":720,"caption":"E-Privacy-Verordnung"},{"@type":"BreadcrumbList","@id":"https:\/\/www.machdudas.de\/blog\/allgemein\/diese-auswirkungen-hat-die-e-privacy-verordnung-fuer-dein-business\/#breadcrumb","itemListElement":[{"@type":"ListItem","position":1,"name":"Startseite","item":"https:\/\/www.machdudas.de\/blog\/"},{"@type":"ListItem","position":2,"name":"Diese Auswirkungen hat die E-Privacy-Verordnung f\u00fcr Dein Business!"}]},{"@type":"WebSite","@id":"https:\/\/www.machdudas.de\/blog\/#website","url":"https:\/\/www.machdudas.de\/blog\/","name":"machdudas Blog","description":"Wissenswertes zu Nebenjobs, Minijobs &amp; Heimarbeit","potentialAction":[{"@type":"SearchAction","target":{"@type":"EntryPoint","urlTemplate":"https:\/\/www.machdudas.de\/blog\/?s={search_term_string}"},"query-input":{"@type":"PropertyValueSpecification","valueRequired":true,"valueName":"search_term_string"}}],"inLanguage":"de"},{"@type":"Person","@id":"https:\/\/www.machdudas.de\/blog\/#\/schema\/person\/dbf61f535e84856ddc9efb355686e507","name":"adminU","url":"https:\/\/www.machdudas.de\/blog\/author\/adminu\/"}]}},"amp_enabled":true,"_links":{"self":[{"href":"https:\/\/www.machdudas.de\/blog\/wp-json\/wp\/v2\/posts\/347"}],"collection":[{"href":"https:\/\/www.machdudas.de\/blog\/wp-json\/wp\/v2\/posts"}],"about":[{"href":"https:\/\/www.machdudas.de\/blog\/wp-json\/wp\/v2\/types\/post"}],"author":[{"embeddable":true,"href":"https:\/\/www.machdudas.de\/blog\/wp-json\/wp\/v2\/users\/1"}],"replies":[{"embeddable":true,"href":"https:\/\/www.machdudas.de\/blog\/wp-json\/wp\/v2\/comments?post=347"}],"version-history":[{"count":5,"href":"https:\/\/www.machdudas.de\/blog\/wp-json\/wp\/v2\/posts\/347\/revisions"}],"predecessor-version":[{"id":356,"href":"https:\/\/www.machdudas.de\/blog\/wp-json\/wp\/v2\/posts\/347\/revisions\/356"}],"wp:featuredmedia":[{"embeddable":true,"href":"https:\/\/www.machdudas.de\/blog\/wp-json\/wp\/v2\/media\/350"}],"wp:attachment":[{"href":"https:\/\/www.machdudas.de\/blog\/wp-json\/wp\/v2\/media?parent=347"}],"wp:term":[{"taxonomy":"category","embeddable":true,"href":"https:\/\/www.machdudas.de\/blog\/wp-json\/wp\/v2\/categories?post=347"},{"taxonomy":"post_tag","embeddable":true,"href":"https:\/\/www.machdudas.de\/blog\/wp-json\/wp\/v2\/tags?post=347"}],"curies":[{"name":"wp","href":"https:\/\/api.w.org\/{rel}","templated":true}]}}